{"id":5134,"date":"2026-09-06T17:56:15","date_gmt":"2026-09-06T15:56:15","guid":{"rendered":"https:\/\/www.helzear.com\/?p=5134"},"modified":"2026-09-06T17:56:17","modified_gmt":"2026-09-06T15:56:17","slug":"pope-leo-xiv-visit-paris-2026","status":"publish","type":"post","link":"https:\/\/www.helzear.com\/en\/pope-leo-xiv-visit-paris-2026\/","title":{"rendered":"Pope Leo XIV\u2019s Visit to Paris: Programme and Itinerary for 25\u201326 September 2026"},"content":{"rendered":"\n<p class=\"wp-block-paragraph\">On Friday 25 and Saturday 26 September 2026, Paris will welcome Pope Leo XIV as part of his first apostolic journey to France. From Notre-Dame Cathedral to the Champs-\u00c9lys\u00e9es, several of the capital\u2019s most iconic landmarks will provide the setting for this exceptional visit.<\/p>\n\n\n\n<p class=\"wp-block-paragraph\">The programme will include a public procession in the popemobile, a celebration at Notre-Dame and a large open-air Mass on Place de la Concorde and Avenue des Champs-\u00c9lys\u00e9es.<\/p>\n\n\n\n<p class=\"wp-block-paragraph\">Here are the main stages of the visit and the practical information you need if you wish to attend.<\/p>\n\n\n\n<h2 class=\"wp-block-heading\">Friday 25 September: From the \u00c9lys\u00e9e Palace to Notre-Dame Cathedral<\/h2>\n\n\n\n<p class=\"wp-block-paragraph\">Pope Leo XIV will arrive at Paris-Orly Airport at 10 a.m. before travelling to the \u00c9lys\u00e9e Palace. There, he will meet the President of the French Republic, followed by representatives of the French authorities, civil society and the diplomatic corps.<\/p>\n\n\n\n<p class=\"wp-block-paragraph\">At 3 p.m., he will visit <a href=\"https:\/\/www.unesco.org\/en\">UNESCO\u2019s headquarters<\/a>, located in Paris\u2019s 7th arrondissement, where he will address the attending delegations.<\/p>\n\n\n\n<p class=\"wp-block-paragraph\">This first part of the day will be reserved for invited guests and official delegations. However, several important moments will be broadcast for the public.<\/p>\n\n\n\n<h2 class=\"wp-block-heading\">A Popemobile Procession Through Central Paris<\/h2>\n\n\n\n<p class=\"wp-block-paragraph\">The main public event on Friday will take place between 4 p.m. and 5 p.m. Pope Leo XIV will travel 2.5 kilometres in the popemobile, from Notre-Dame-des-Champs Church to Place Saint-Michel.<\/p>\n\n\n\n<p class=\"wp-block-paragraph\">The route will begin on Boulevard du Montparnasse, near Notre-Dame-des-Champs Church, before continuing along Boulevard Saint-Michel to Place Saint-Michel.<\/p>\n\n\n\n<p class=\"wp-block-paragraph\">The entire route will be pedestrianised and divided into 12 secure viewing areas. Each area will have its own security checkpoint, and visitors will not be able to move directly from one section to another.<\/p>\n\n\n\n<p class=\"wp-block-paragraph\">Access will be free and no booking will be required. Security checkpoints will open from noon, with musical performances and activities planned along the route. Given the expected crowds and security checks, visitors are advised to arrive several hours before the popemobile procession begins.<\/p>\n\n\n\n<p class=\"wp-block-paragraph\">Large bags, glass bottles, helmets and any objects considered dangerous will be prohibited inside the secure areas.<\/p>\n\n\n\n<h2 class=\"wp-block-heading\">Vespers at Notre-Dame and a Prayer Vigil at the Stade de France<\/h2>\n\n\n\n<p class=\"wp-block-paragraph\">After the procession, Pope Leo XIV will travel to Notre-Dame Cathedral. At 5.15 p.m., he will celebrate Vespers with bishops, priests, deacons, seminarians and members of consecrated communities from across France.<\/p>\n\n\n\n<p class=\"wp-block-paragraph\">Access to the cathedral will be reserved for invited guests. However, the Pope is also expected to greet the public on the cathedral\u2019s forecourt, while the celebration will be broadcast live.<\/p>\n\n\n\n<p class=\"wp-block-paragraph\">Later that evening, the Pope will travel to the Stade de France in Saint-Denis for a prayer vigil with young people aged between 17 and 35. The event will begin at 9 p.m. and advance registration will be required.<\/p>\n\n\n\n<h2 class=\"wp-block-heading\">Saturday 26 September: An Open-Air Mass on the Champs-\u00c9lys\u00e9es<\/h2>\n\n\n\n<p class=\"wp-block-paragraph\">On Saturday morning, Pope Leo XIV will first visit Maison Bakhita, a social support and integration centre in Paris\u2019s 18th arrondissement.<\/p>\n\n\n\n<p class=\"wp-block-paragraph\">He will then meet members of the provincial synodal assembly, together with catechumens and newly baptised Catholics, at the Institut Catholique de Paris.<\/p>\n\n\n\n<p class=\"wp-block-paragraph\">The main event of the second day will begin at 3 p.m. Pope Leo XIV will preside over a solemn open-air Mass on <a href=\"https:\/\/www.pape-france.fr\/evenements\/messe-champs-elysees-concorde\/\">Place de la Concorde and Avenue des Champs-\u00c9lys\u00e9es<\/a>.<\/p>\n\n\n\n<p class=\"wp-block-paragraph\">The celebration will be free and open to everyone. Advance registration is nevertheless strongly recommended, as it will help organisers distribute visitors across the different viewing areas and share the latest practical information before the event.<\/p>\n\n\n\n<p class=\"wp-block-paragraph\">Several hundred thousand people are expected to attend. Most participants will remain standing during the celebration, and registration will not constitute a reservation for a seat or a specific location.<\/p>\n\n\n\n<p class=\"wp-block-paragraph\">After the Mass, Pope Leo XIV will leave Paris-Orly Airport at 5.45 p.m. to continue his apostolic journey to Lourdes and then Metz.<\/p>\n\n\n\n<h2 class=\"wp-block-heading\">How to Prepare for the Pope\u2019s Visit<\/h2>\n\n\n\n<p class=\"wp-block-paragraph\">The visit will result in major traffic restrictions around the different locations on the itinerary, particularly the Champs-\u00c9lys\u00e9es, Place de la Concorde, \u00cele de la Cit\u00e9 and the area surrounding Notre-Dame Cathedral.<\/p>\n\n\n\n<p class=\"wp-block-paragraph\">On 26 September, the area between Place de la Concorde and the Champs-\u00c9lys\u00e9es will be closed to traffic. Some metro stations may also be closed or particularly busy.<\/p>\n\n\n\n<p class=\"wp-block-paragraph\">Visitors are therefore advised to travel on foot where possible, arrive well in advance and consult the latest instructions issued by the City of Paris and the organisers. The <a href=\"https:\/\/www.pape-france.fr\/programme\/\">official programme for Pope Leo XIV\u2019s visit to France<\/a> will be updated if any times or access arrangements change.<\/p>\n\n\n\n<h2 class=\"wp-block-heading\">Where to Stay Near the Champs-\u00c9lys\u00e9es During the Pope\u2019s Visit<\/h2>\n\n\n\n<p class=\"wp-block-paragraph\">For visitors planning to attend the Mass on Saturday 26 September, staying in the \u00c9toile neighbourhood is a particularly convenient option that helps minimise travel on the day of the event.<\/p>\n\n\n\n<p class=\"wp-block-paragraph\">Located at 12 rue Christophe-Colomb, <a href=\"https:\/\/www.helzear.com\/en\/hotel\/helzear-arc-de-triomphe\/\">Helzear \u00c9toile by Esteem<\/a> is only a few minutes\u2019 walk from the Champs-\u00c9lys\u00e9es and the Arc de Triomphe. The property offers 29 suites and apartments with kitchenettes inside a Haussmann-style building in Paris\u2019s 8th arrondissement.<\/p>\n\n\n\n<p class=\"wp-block-paragraph\">A few streets away, <a href=\"https:\/\/www.helzear.com\/en\/hotel\/helzear-paris-champs-elysees\/\">Helzear Champs-\u00c9lys\u00e9es by Esteem<\/a> is located at 49 avenue Marceau and also provides convenient walking access to Avenue des Champs-\u00c9lys\u00e9es.<\/p>\n\n\n\n<p class=\"wp-block-paragraph\">Both addresses provide an ideal base from which to experience this exceptional event in central Paris, while offering the comfort and tranquillity of a private suite after a particularly busy day in the capital.<\/p>\n","protected":false},"excerpt":{"rendered":"<p>On Friday 25 and Saturday 26 September 2026, Paris will welcome Pope Leo XIV as part of his first apostolic journey to France. From Notre-Dame Cathedral to the Champs-\u00c9lys\u00e9es, several of the capital\u2019s most iconic landmarks will provide the setting for this exceptional visit. The programme will include a public procession in the popemobile, a&#8230;  <a href=\"https:\/\/www.helzear.com\/en\/pope-leo-xiv-visit-paris-2026\/\" class=\"more-link\" title=\"Read Pope Leo XIV\u2019s Visit to Paris: Programme and Itinerary for 25\u201326 September 2026\">Read more &raquo;<\/a><\/p>\n","protected":false},"author":15,"featured_media":5129,"comment_status":"closed","ping_status":"closed","sticky":false,"template":"","format":"standard","meta":{"footnotes":""},"categories":[21],"tags":[],"class_list":["post-5134","post","type-post","status-publish","format-standard","has-post-thumbnail","hentry","category-agenda-culturel-en"],"yoast_head":"<!-- This site is optimized with the Yoast SEO plugin v28.3 - https:\/\/yoast.com\/product\/yoast-seo-wordpress\/ -->\n<title>Pope&#039;s Visit to Paris 2026: Programme and Itinerary - Helzear<\/title>\n<meta name=\"description\" content=\"Pope&#039;s visit to Paris 2026: the programme for 25 and 26 September, the popemobile route, the Champs-\u00c9lys\u00e9es Mass and practical tips.\" \/>\n<meta name=\"robots\" content=\"index, follow, max-snippet:-1, max-image-preview:large, max-video-preview:-1\" \/>\n<link rel=\"canonical\" href=\"https:\/\/www.helzear.com\/en\/pope-leo-xiv-visit-paris-2026\/\" \/>\n<meta property=\"og:locale\" content=\"en_US\" \/>\n<meta property=\"og:type\" content=\"article\" \/>\n<meta property=\"og:title\" content=\"Pope&#039;s Visit to Paris 2026: Programme and Itinerary - Helzear\" \/>\n<meta property=\"og:description\" content=\"Pope&#039;s visit to Paris 2026: the programme for 25 and 26 September, the popemobile route, the Champs-\u00c9lys\u00e9es Mass and practical tips.\" \/>\n<meta property=\"og:url\" content=\"https:\/\/www.helzear.com\/en\/pope-leo-xiv-visit-paris-2026\/\" \/>\n<meta property=\"og:site_name\" content=\"Helzear\" \/>\n<meta property=\"article:published_time\" content=\"2026-09-06T15:56:15+00:00\" \/>\n<meta property=\"article:modified_time\" content=\"2026-09-06T15:56:17+00:00\" \/>\n<meta property=\"og:image\" content=\"https:\/\/www.helzear.com\/wp-content\/uploads\/2026\/09\/Pape-1024x576.png\" \/>\n\t<meta property=\"og:image:width\" content=\"1024\" \/>\n\t<meta property=\"og:image:height\" content=\"576\" \/>\n\t<meta property=\"og:image:type\" content=\"image\/png\" \/>\n<meta name=\"author\" content=\"Benjamin\" \/>\n<meta name=\"twitter:card\" content=\"summary_large_image\" \/>\n<meta name=\"twitter:label1\" content=\"Written by\" \/>\n\t<meta name=\"twitter:data1\" content=\"Benjamin\" \/>\n\t<meta name=\"twitter:label2\" content=\"Est. reading time\" \/>\n\t<meta name=\"twitter:data2\" content=\"5 minutes\" \/>\n<script type=\"application\/ld+json\" class=\"yoast-schema-graph\">{\"@context\":\"https:\\\/\\\/schema.org\",\"@graph\":[{\"@type\":\"Article\",\"@id\":\"https:\\\/\\\/www.helzear.com\\\/en\\\/pope-leo-xiv-visit-paris-2026\\\/#article\",\"isPartOf\":{\"@id\":\"https:\\\/\\\/www.helzear.com\\\/en\\\/pope-leo-xiv-visit-paris-2026\\\/\"},\"author\":{\"name\":\"Benjamin\",\"@id\":\"https:\\\/\\\/www.helzear.com\\\/en\\\/#\\\/schema\\\/person\\\/c07c90e0eeb779093a2d6df06ba40bf9\"},\"headline\":\"Pope Leo XIV\u2019s Visit to Paris: Programme and Itinerary for 25\u201326 September 2026\",\"datePublished\":\"2026-09-06T15:56:15+00:00\",\"dateModified\":\"2026-09-06T15:56:17+00:00\",\"mainEntityOfPage\":{\"@id\":\"https:\\\/\\\/www.helzear.com\\\/en\\\/pope-leo-xiv-visit-paris-2026\\\/\"},\"wordCount\":907,\"image\":{\"@id\":\"https:\\\/\\\/www.helzear.com\\\/en\\\/pope-leo-xiv-visit-paris-2026\\\/#primaryimage\"},\"thumbnailUrl\":\"https:\\\/\\\/www.helzear.com\\\/wp-content\\\/uploads\\\/2026\\\/09\\\/Pape.png\",\"articleSection\":[\"Le guide culturel\"],\"inLanguage\":\"en-US\"},{\"@type\":\"WebPage\",\"@id\":\"https:\\\/\\\/www.helzear.com\\\/en\\\/pope-leo-xiv-visit-paris-2026\\\/\",\"url\":\"https:\\\/\\\/www.helzear.com\\\/en\\\/pope-leo-xiv-visit-paris-2026\\\/\",\"name\":\"Pope's Visit to Paris 2026: Programme and Itinerary - Helzear\",\"isPartOf\":{\"@id\":\"https:\\\/\\\/www.helzear.com\\\/en\\\/#website\"},\"primaryImageOfPage\":{\"@id\":\"https:\\\/\\\/www.helzear.com\\\/en\\\/pope-leo-xiv-visit-paris-2026\\\/#primaryimage\"},\"image\":{\"@id\":\"https:\\\/\\\/www.helzear.com\\\/en\\\/pope-leo-xiv-visit-paris-2026\\\/#primaryimage\"},\"thumbnailUrl\":\"https:\\\/\\\/www.helzear.com\\\/wp-content\\\/uploads\\\/2026\\\/09\\\/Pape.png\",\"datePublished\":\"2026-09-06T15:56:15+00:00\",\"dateModified\":\"2026-09-06T15:56:17+00:00\",\"author\":{\"@id\":\"https:\\\/\\\/www.helzear.com\\\/en\\\/#\\\/schema\\\/person\\\/c07c90e0eeb779093a2d6df06ba40bf9\"},\"description\":\"Pope's visit to Paris 2026: the programme for 25 and 26 September, the popemobile route, the Champs-\u00c9lys\u00e9es Mass and practical tips.\",\"breadcrumb\":{\"@id\":\"https:\\\/\\\/www.helzear.com\\\/en\\\/pope-leo-xiv-visit-paris-2026\\\/#breadcrumb\"},\"inLanguage\":\"en-US\",\"potentialAction\":[{\"@type\":\"ReadAction\",\"target\":[\"https:\\\/\\\/www.helzear.com\\\/en\\\/pope-leo-xiv-visit-paris-2026\\\/\"]}]},{\"@type\":\"ImageObject\",\"inLanguage\":\"en-US\",\"@id\":\"https:\\\/\\\/www.helzear.com\\\/en\\\/pope-leo-xiv-visit-paris-2026\\\/#primaryimage\",\"url\":\"https:\\\/\\\/www.helzear.com\\\/wp-content\\\/uploads\\\/2026\\\/09\\\/Pape.png\",\"contentUrl\":\"https:\\\/\\\/www.helzear.com\\\/wp-content\\\/uploads\\\/2026\\\/09\\\/Pape.png\",\"width\":2048,\"height\":1152,\"caption\":\"Pope Leo XIV greeting crowds from the popemobile in Paris.\"},{\"@type\":\"BreadcrumbList\",\"@id\":\"https:\\\/\\\/www.helzear.com\\\/en\\\/pope-leo-xiv-visit-paris-2026\\\/#breadcrumb\",\"itemListElement\":[{\"@type\":\"ListItem\",\"position\":1,\"name\":\"Home\",\"item\":\"https:\\\/\\\/www.helzear.com\\\/en\\\/\"},{\"@type\":\"ListItem\",\"position\":2,\"name\":\"Pope Leo XIV\u2019s Visit to Paris: Programme and Itinerary for 25\u201326 September 2026\"}]},{\"@type\":\"WebSite\",\"@id\":\"https:\\\/\\\/www.helzear.com\\\/en\\\/#website\",\"url\":\"https:\\\/\\\/www.helzear.com\\\/en\\\/\",\"name\":\"Helzear\",\"description\":\"Suites &amp; hotels\",\"potentialAction\":[{\"@type\":\"SearchAction\",\"target\":{\"@type\":\"EntryPoint\",\"urlTemplate\":\"https:\\\/\\\/www.helzear.com\\\/en\\\/?s={search_term_string}\"},\"query-input\":{\"@type\":\"PropertyValueSpecification\",\"valueRequired\":true,\"valueName\":\"search_term_string\"}}],\"inLanguage\":\"en-US\"},{\"@type\":\"Person\",\"@id\":\"https:\\\/\\\/www.helzear.com\\\/en\\\/#\\\/schema\\\/person\\\/c07c90e0eeb779093a2d6df06ba40bf9\",\"name\":\"Benjamin\",\"image\":{\"@type\":\"ImageObject\",\"inLanguage\":\"en-US\",\"@id\":\"https:\\\/\\\/secure.gravatar.com\\\/avatar\\\/76b97d2c313e92e23f4b6c8c9743c7e2157fac1ac69f548ab748a603fdd557f3?s=96&d=mm&r=g\",\"url\":\"https:\\\/\\\/secure.gravatar.com\\\/avatar\\\/76b97d2c313e92e23f4b6c8c9743c7e2157fac1ac69f548ab748a603fdd557f3?s=96&d=mm&r=g\",\"contentUrl\":\"https:\\\/\\\/secure.gravatar.com\\\/avatar\\\/76b97d2c313e92e23f4b6c8c9743c7e2157fac1ac69f548ab748a603fdd557f3?s=96&d=mm&r=g\",\"caption\":\"Benjamin\"}}]}<\/script>\n<!-- \/ Yoast SEO plugin. -->","yoast_head_json":{"title":"Pope's Visit to Paris 2026: Programme and Itinerary - Helzear","description":"Pope's visit to Paris 2026: the programme for 25 and 26 September, the popemobile route, the Champs-\u00c9lys\u00e9es Mass and practical tips.","robots":{"index":"index","follow":"follow","max-snippet":"max-snippet:-1","max-image-preview":"max-image-preview:large","max-video-preview":"max-video-preview:-1"},"canonical":"https:\/\/www.helzear.com\/en\/pope-leo-xiv-visit-paris-2026\/","og_locale":"en_US","og_type":"article","og_title":"Pope's Visit to Paris 2026: Programme and Itinerary - Helzear","og_description":"Pope's visit to Paris 2026: the programme for 25 and 26 September, the popemobile route, the Champs-\u00c9lys\u00e9es Mass and practical tips.","og_url":"https:\/\/www.helzear.com\/en\/pope-leo-xiv-visit-paris-2026\/","og_site_name":"Helzear","article_published_time":"2026-09-06T15:56:15+00:00","article_modified_time":"2026-09-06T15:56:17+00:00","og_image":[{"width":1024,"height":576,"url":"https:\/\/www.helzear.com\/wp-content\/uploads\/2026\/09\/Pape-1024x576.png","type":"image\/png"}],"author":"Benjamin","twitter_card":"summary_large_image","twitter_misc":{"Written by":"Benjamin","Est. reading time":"5 minutes"},"schema":{"@context":"https:\/\/schema.org","@graph":[{"@type":"Article","@id":"https:\/\/www.helzear.com\/en\/pope-leo-xiv-visit-paris-2026\/#article","isPartOf":{"@id":"https:\/\/www.helzear.com\/en\/pope-leo-xiv-visit-paris-2026\/"},"author":{"name":"Benjamin","@id":"https:\/\/www.helzear.com\/en\/#\/schema\/person\/c07c90e0eeb779093a2d6df06ba40bf9"},"headline":"Pope Leo XIV\u2019s Visit to Paris: Programme and Itinerary for 25\u201326 September 2026","datePublished":"2026-09-06T15:56:15+00:00","dateModified":"2026-09-06T15:56:17+00:00","mainEntityOfPage":{"@id":"https:\/\/www.helzear.com\/en\/pope-leo-xiv-visit-paris-2026\/"},"wordCount":907,"image":{"@id":"https:\/\/www.helzear.com\/en\/pope-leo-xiv-visit-paris-2026\/#primaryimage"},"thumbnailUrl":"https:\/\/www.helzear.com\/wp-content\/uploads\/2026\/09\/Pape.png","articleSection":["Le guide culturel"],"inLanguage":"en-US"},{"@type":"WebPage","@id":"https:\/\/www.helzear.com\/en\/pope-leo-xiv-visit-paris-2026\/","url":"https:\/\/www.helzear.com\/en\/pope-leo-xiv-visit-paris-2026\/","name":"Pope's Visit to Paris 2026: Programme and Itinerary - Helzear","isPartOf":{"@id":"https:\/\/www.helzear.com\/en\/#website"},"primaryImageOfPage":{"@id":"https:\/\/www.helzear.com\/en\/pope-leo-xiv-visit-paris-2026\/#primaryimage"},"image":{"@id":"https:\/\/www.helzear.com\/en\/pope-leo-xiv-visit-paris-2026\/#primaryimage"},"thumbnailUrl":"https:\/\/www.helzear.com\/wp-content\/uploads\/2026\/09\/Pape.png","datePublished":"2026-09-06T15:56:15+00:00","dateModified":"2026-09-06T15:56:17+00:00","author":{"@id":"https:\/\/www.helzear.com\/en\/#\/schema\/person\/c07c90e0eeb779093a2d6df06ba40bf9"},"description":"Pope's visit to Paris 2026: the programme for 25 and 26 September, the popemobile route, the Champs-\u00c9lys\u00e9es Mass and practical tips.","breadcrumb":{"@id":"https:\/\/www.helzear.com\/en\/pope-leo-xiv-visit-paris-2026\/#breadcrumb"},"inLanguage":"en-US","potentialAction":[{"@type":"ReadAction","target":["https:\/\/www.helzear.com\/en\/pope-leo-xiv-visit-paris-2026\/"]}]},{"@type":"ImageObject","inLanguage":"en-US","@id":"https:\/\/www.helzear.com\/en\/pope-leo-xiv-visit-paris-2026\/#primaryimage","url":"https:\/\/www.helzear.com\/wp-content\/uploads\/2026\/09\/Pape.png","contentUrl":"https:\/\/www.helzear.com\/wp-content\/uploads\/2026\/09\/Pape.png","width":2048,"height":1152,"caption":"Pope Leo XIV greeting crowds from the popemobile in Paris."},{"@type":"BreadcrumbList","@id":"https:\/\/www.helzear.com\/en\/pope-leo-xiv-visit-paris-2026\/#breadcrumb","itemListElement":[{"@type":"ListItem","position":1,"name":"Home","item":"https:\/\/www.helzear.com\/en\/"},{"@type":"ListItem","position":2,"name":"Pope Leo XIV\u2019s Visit to Paris: Programme and Itinerary for 25\u201326 September 2026"}]},{"@type":"WebSite","@id":"https:\/\/www.helzear.com\/en\/#website","url":"https:\/\/www.helzear.com\/en\/","name":"Helzear","description":"Suites &amp; hotels","potentialAction":[{"@type":"SearchAction","target":{"@type":"EntryPoint","urlTemplate":"https:\/\/www.helzear.com\/en\/?s={search_term_string}"},"query-input":{"@type":"PropertyValueSpecification","valueRequired":true,"valueName":"search_term_string"}}],"inLanguage":"en-US"},{"@type":"Person","@id":"https:\/\/www.helzear.com\/en\/#\/schema\/person\/c07c90e0eeb779093a2d6df06ba40bf9","name":"Benjamin","image":{"@type":"ImageObject","inLanguage":"en-US","@id":"https:\/\/secure.gravatar.com\/avatar\/76b97d2c313e92e23f4b6c8c9743c7e2157fac1ac69f548ab748a603fdd557f3?s=96&d=mm&r=g","url":"https:\/\/secure.gravatar.com\/avatar\/76b97d2c313e92e23f4b6c8c9743c7e2157fac1ac69f548ab748a603fdd557f3?s=96&d=mm&r=g","contentUrl":"https:\/\/secure.gravatar.com\/avatar\/76b97d2c313e92e23f4b6c8c9743c7e2157fac1ac69f548ab748a603fdd557f3?s=96&d=mm&r=g","caption":"Benjamin"}}]}},"_links":{"self":[{"href":"https:\/\/www.helzear.com\/en\/wp-json\/wp\/v2\/posts\/5134","targetHints":{"allow":["GET"]}}],"collection":[{"href":"https:\/\/www.helzear.com\/en\/wp-json\/wp\/v2\/posts"}],"about":[{"href":"https:\/\/www.helzear.com\/en\/wp-json\/wp\/v2\/types\/post"}],"author":[{"embeddable":true,"href":"https:\/\/www.helzear.com\/en\/wp-json\/wp\/v2\/users\/15"}],"replies":[{"embeddable":true,"href":"https:\/\/www.helzear.com\/en\/wp-json\/wp\/v2\/comments?post=5134"}],"version-history":[{"count":0,"href":"https:\/\/www.helzear.com\/en\/wp-json\/wp\/v2\/posts\/5134\/revisions"}],"wp:featuredmedia":[{"embeddable":true,"href":"https:\/\/www.helzear.com\/en\/wp-json\/wp\/v2\/media\/5129"}],"wp:attachment":[{"href":"https:\/\/www.helzear.com\/en\/wp-json\/wp\/v2\/media?parent=5134"}],"wp:term":[{"taxonomy":"category","embeddable":true,"href":"https:\/\/www.helzear.com\/en\/wp-json\/wp\/v2\/categories?post=5134"},{"taxonomy":"post_tag","embeddable":true,"href":"https:\/\/www.helzear.com\/en\/wp-json\/wp\/v2\/tags?post=5134"}],"curies":[{"name":"wp","href":"https:\/\/api.w.org\/{rel}","templated":true}]}}